{"id":253,"date":"2018-02-24T18:07:58","date_gmt":"2018-02-24T18:07:58","guid":{"rendered":"http:\/\/www.refulgir.com\/k\/?p=253"},"modified":"2020-08-28T16:52:25","modified_gmt":"2020-08-28T16:52:25","slug":"solo-presente","status":"publish","type":"post","link":"https:\/\/www.refulgir.com\/k\/solo-presente\/","title":{"rendered":"Solo presente"},"content":{"rendered":"\n<p>Los haces solares contra mis ojos chocan,<br>reflejados por las superficies de la cosas,<br>y perturban mi alma, provoc\u00e1ndome coloridas ideas,<br>que parecen tener un sentido grande y profundo<br>por el cual mi voluntad manipulo,<br>mi esperanza nutro,<br>y mi vida contin\u00fao. <\/p>\n\n\n\n<!--more-->\n\n\n\n<p>Pero en el influjo continuo de im\u00e1genes,<br>la preocupaci\u00f3n por lo que terminar\u00e1 o lo que nunca llegar\u00e1,<br>y la postocupaci\u00f3n de recordar lo ido que nunca volver\u00e1,<br>impiden que en ocuparme del presente me concentre,<br>y en la dulce profundidad del fluido me adentre.<\/p>\n\n\n\n<p>Cuando no te ten\u00eda solo en encontrarte pensaba,<br>con tanta intensidad que ya olvid\u00e9 qu\u00e9 m\u00e1s entonces realizaba.<br>Cuando te tuve, solo perderte tem\u00ed,<br>y ahora que no te tengo solo me pregunto<br>\u00bfPor qu\u00e9 no te mir\u00e9 m\u00e1s a los ojos ni en su mariris me perd\u00ed<br>en lugar de en mi abstracci\u00f3n del inexistente futuro?<\/p>\n\n\n\n<p>Y ya que estuve todo el tiempo ausente,<br>ora solo, ora sin ti,<br>no s\u00e9 c\u00f3mo estar solo,<br>pues todo me trascuerdo de cuando viv\u00eda as\u00ed,<br>y con lo que ahora observo solo solo<br>la inc\u00f3moda inc\u00f3gnita me nace:<br>\u00bfC\u00f3mo fue que no estuve siempre solo?<br>Pues no puedo comprender c\u00f3mo superaste<br>el desaf\u00edo de mi virtud carente,<br>de mi disciplina laxa,<br>y de mi estancia escasa.<\/p>\n\n\n\n<p>Quiz\u00e1 todo lo lograste simplemente por presente s\u00ed estar.<br>Y eso de alguna manera he de aprender a alcanzar,<br>aunque ahora los haces reflejados por la piel de tu faz<br>no choquen contra mis ojos,<br>ni perturben mi alma provoc\u00e1ndome la suave idea de tu rostro.<\/p>\n\n\n\n<p>As\u00ed sin ti,<br>sentido grande y profundo,<br>aunque no est\u00e9s para mi esperanza nutrir,<br>ella sobrevive, y con ella queriendo y viviendo contin\u00fao.<\/p>\n\n\n\n<p>Mi esperanza vital, mi esperanza de ti,<br>de que volvieres, y entonces en la ego\u00edsta fantas\u00eda no me abstrayere&#8230;<br>de que estuvieres presente, y yo tambi\u00e9n estuviere presente,<br>y entonces s\u00ed te aprendiere, y de recordarte hubiere,<br>como presente por siempre,,,<br>estando eternamente estante.<\/p>\n","protected":false},"excerpt":{"rendered":"<p>Los haces solares contra mis ojos chocan,reflejados por las superficies de la cosas,y perturban mi alma, provoc\u00e1ndome coloridas ideas,que parecen tener un sentido grande y profundopor el cual mi voluntad manipulo,mi esperanza nutro,y mi vida contin\u00fao.<\/p>\n","protected":false},"author":1,"featured_media":0,"comment_status":"open","ping_status":"open","sticky":false,"template":"","format":"standard","meta":{"_locale":"es_ES","_original_post":"http:\/\/www.refulgir.com\/k\/?p=253","footnotes":""},"categories":[3],"tags":[],"class_list":["post-253","post","type-post","status-publish","format-standard","hentry","category-poesia","es-ES"],"_links":{"self":[{"href":"https:\/\/www.refulgir.com\/k\/wp-json\/wp\/v2\/posts\/253","targetHints":{"allow":["GET"]}}],"collection":[{"href":"https:\/\/www.refulgir.com\/k\/wp-json\/wp\/v2\/posts"}],"about":[{"href":"https:\/\/www.refulgir.com\/k\/wp-json\/wp\/v2\/types\/post"}],"author":[{"embeddable":true,"href":"https:\/\/www.refulgir.com\/k\/wp-json\/wp\/v2\/users\/1"}],"replies":[{"embeddable":true,"href":"https:\/\/www.refulgir.com\/k\/wp-json\/wp\/v2\/comments?post=253"}],"version-history":[{"count":6,"href":"https:\/\/www.refulgir.com\/k\/wp-json\/wp\/v2\/posts\/253\/revisions"}],"predecessor-version":[{"id":411,"href":"https:\/\/www.refulgir.com\/k\/wp-json\/wp\/v2\/posts\/253\/revisions\/411"}],"wp:attachment":[{"href":"https:\/\/www.refulgir.com\/k\/wp-json\/wp\/v2\/media?parent=253"}],"wp:term":[{"taxonomy":"category","embeddable":true,"href":"https:\/\/www.refulgir.com\/k\/wp-json\/wp\/v2\/categories?post=253"},{"taxonomy":"post_tag","embeddable":true,"href":"https:\/\/www.refulgir.com\/k\/wp-json\/wp\/v2\/tags?post=253"}],"curies":[{"name":"wp","href":"https:\/\/api.w.org\/{rel}","templated":true}]}}